{"id":41101,"date":"2025-12-15T08:31:45","date_gmt":"2025-12-15T13:31:45","guid":{"rendered":"https:\/\/onlit.org\/?p=41101"},"modified":"2026-01-14T08:36:34","modified_gmt":"2026-01-14T13:36:34","slug":"la-combinaison-des-phrases-une-pratique-utile-et-concrete-pour-soutenir-lapprentissage-linguistique","status":"publish","type":"post","link":"https:\/\/onlit.org\/fr\/la-combinaison-des-phrases-une-pratique-utile-et-concrete-pour-soutenir-lapprentissage-linguistique\/","title":{"rendered":"La combinaison des phrases : une pratique utile et concr\u00e8te pour soutenir l\u2019apprentissage linguistique"},"content":{"rendered":"\n<p>La combinaison des phrases est une approche d\u2019enseignement efficace qui favorise la compr\u00e9hension de la structure syntaxique et des diff\u00e9rents \u00e9l\u00e9ments de l\u2019apprentissage linguistique. Elle soutient \u00e0 la fois la communication \u00e9crite et la compr\u00e9hension en lecture. Plut\u00f4t que de pr\u00e9senter la grammaire comme un ensemble de r\u00e8gles isol\u00e9es, cette m\u00e9thode place l\u2019enseignement de la langue dans des contextes authentiques et signifiants de lecture, d\u2019\u00e9criture et de communication orale.<\/p>\n\n\n\n<p>Cette approche s\u2019aligne directement sur le programme-cadre de fran\u00e7ais de l\u2019Ontario (2023). Dans<em> l\u2019annexe B : Continuum des apprentissages linguistique pour la lecture et l\u2019\u00e9criture, de la 1e \u00e0 la 9e ann\u00e9e<\/em>, Attente B3, le programme souligne l\u2019importance de d\u00e9velopper les connaissances linguistiques en contexte, afin que les \u00e9l\u00e8ves puissent les mobiliser pour communiquer et comprendre de fa\u00e7on efficace et significative.<\/p>\n\n\n\n<p>La combinaison de phrases permet justement aux \u00e9l\u00e8ves d\u2019explorer le fonctionnement de la langue tout en travaillant avec des id\u00e9es porteuses de sens pour eux.<\/p>\n\n\n\n<h2 class=\"wp-block-heading\">La combinaison de phrases : Les bases<\/h2>\n\n\n\n<p>La combinaison des phrases est une routine d\u2019enseignement au cours de laquelle les \u00e9l\u00e8ves prennent deux ou plusieurs phrases courtes, puis les combinent pour cr\u00e9er une phrase plus riche et plus \u00e9labor\u00e9e. L\u2019objectif n\u2019est pas de nommer les structures grammaticales, mais de comprendre comment les \u00e9l\u00e9ments de la phrase interagissent pour exprimer des relations entre les id\u00e9es.<\/p>\n\n\n\n<p>Cette approche correspond \u00e0 un principe cl\u00e9 du continuum de l\u2019apprentissage linguistique, qui souligne que l\u2019accent doit \u00eatre mis sur la fonction et le r\u00f4le d\u2019une structure dans la phrase, plut\u00f4t que sur son nom seul.<\/p>\n\n\n\n<p>Gr\u00e2ce \u00e0 la combinaison de phrases, les \u00e9l\u00e8ves d\u00e9couvrent comment certains mots ou groupes de mots permettent d\u2019ajouter de l\u2019information, de pr\u00e9ciser des relations ou de rendre le message plus fluide et clair.<\/p>\n\n\n\n<p>La recherche indique d\u2019ailleurs que la combinaison de phrases est une pratique efficace pour soutenir le d\u00e9veloppement de la syntaxe et la qualit\u00e9 des phrases \u00e0 l\u2019\u00e9crit, contribuant \u00e0 une production \u00e9crite plus coh\u00e9rente et plus \u00e9labor\u00e9e. (p.ex. Saddler et al., 2018).<\/p>\n\n\n\n<h2 class=\"wp-block-heading\">La combinaison en action<\/h2>\n\n\n\n<p>La combinaison de phrases peut \u00eatre utilis\u00e9e \u00e0 tous les niveaux scolaires et dans toutes les disciplines. Les structures travaill\u00e9es \u00e9voluent au fil de la progression du continuum de l\u2019apprentissage linguistique B3, tandis que l\u2019intention p\u00e9dagogique reste la m\u00eame : soutenir la construction du sens.<\/p>\n\n\n\n<p>En 1e ann\u00e9e, le continuum B3 aborde notamment la phrase compos\u00e9e. La combinaison de phrases offre une mani\u00e8re naturelle et porteuse de sens de soutenir cet apprentissage dans des contextes disciplinaires. Par exemple, lors d\u2019une le\u00e7on de sciences sur les besoins essentiels des \u00eatres vivants, l\u2019enseignante peut partir de deux phrases simples :<\/p>\n\n\n\n<p><em>Les plantes ont besoin d\u2019eau.<\/em><\/p>\n\n\n\n<p><em>Les plantes ont besoin de lumi\u00e8re.<\/em><\/p>\n\n\n\n<p>En \u00e9criture partag\u00e9e, l\u2019enseignante peut mod\u00e9liser l\u2019identification du \u00ab qui \u00bb ou du \u00ab quoi \u00bb commun aux deux phrases, puis amener les \u00e9l\u00e8ves \u00e0 observer que chaque phrase apporte une information diff\u00e9rente. Les phrases peuvent ensuite \u00eatre combin\u00e9es :<\/p>\n\n\n\n<p><em>Les plantes ont besoin d\u2019eau <strong>et <\/strong>elles ont besoin de lumi\u00e8re.<\/em><\/p>\n\n\n\n<p>L\u2019accent est alors mis sur la mani\u00e8re dont un mot de liaison permet de relier deux id\u00e9es pour communiquer une pens\u00e9e plus compl\u00e8te. Les \u00e9l\u00e8ves peuvent ensuite s\u2019exercer oralement \u00e0 combiner des phrases \u00e0 partir d\u2019images, d&rsquo;exp\u00e9riences v\u00e9cues ou de mod\u00e8les propos\u00e9s.<\/p>\n\n\n\n<p>En 3e ann\u00e9e, le continuum B3 am\u00e8ne les \u00e9l\u00e8ves \u00e0 travailler avec des phrases plus complexes. La combinaison de phrases continue de soutenir cet apprentissage en leur permettant de relier des id\u00e9es \u00e0 l\u2019aide de mots ou de groupes de mots exprimant une cause ou une explication. Par exemple :<\/p>\n\n\n\n<p><em>Les plantes utilisent la lumi\u00e8re du soleil pour produire leur nourriture.<\/em><\/p>\n\n\n\n<p><em>Cela leur donne de l\u2019\u00e9nergie.<\/em><\/p>\n\n\n\n<p>La personne enseignante peut identifier le \u00ab qui \u00bb ou le \u00ab quoi \u00bb de la premi\u00e8re phrase &#8211; ici, les plantes &#8211; et montrer comment la deuxi\u00e8me phrase explique pourquoi la premi\u00e8re est vraie. Les id\u00e9es peuvent ensuite \u00eatre combin\u00e9es de la mani\u00e8re suivante :<\/p>\n\n\n\n<p><em>Les plantes utilisent la lumi\u00e8re du soleil pour produire leur nourriture <strong>parce que <\/strong>cela leur donne de l\u2019\u00e9nergie.<\/em><\/p>\n\n\n\n<p>Dans cet exemple, le mot de liaison <em>parce que<\/em> permet de relier une raison \u00e0 une id\u00e9e, aidant ainsi les \u00e9l\u00e8ves \u00e0 expliquer des concepts scientifiques de fa\u00e7on plus claire. Les \u00e9l\u00e8ves d\u00e9couvrent comment la structure de la phrase soutient la construction du sens, en coh\u00e9rence avec l\u2019accent mis par le continuum de l\u2019apprentissage linguistique B3 sur la production de phrases qui communiquent efficacement des id\u00e9es.<\/p>\n\n\n\n<h2 class=\"wp-block-heading\">L\u2019apprentissage linguistique par la combinaison de phrases<\/h2>\n\n\n\n<p>La combinaison des phrases constitue une pratique concr\u00e8te et efficace pour soutenir le continuum de l\u2019apprentissage linguistique B3 \u00e0 travers les niveaux scolaire et les domaines d\u2019apprentissage. Cette m\u00e9thode permet d\u2019enseigner les structures de phrases, des plus simples aux plus complexes, selon une progression intentionnelle, d\u2019int\u00e9grer l\u2019enseignement linguistique aux contenus disciplinaires, de privil\u00e9gier le sens et la communication plut\u00f4t que la terminologie, et d\u2019accompagner les \u00e9l\u00e8ves dans la production de phrases claires et progressivement plus \u00e9labor\u00e9es.<\/p>\n\n\n\n<p>En apprenant activement comment les phrases fonctionnent, les \u00e9l\u00e8ves font de l\u2019apprentissage linguistique un outil au service de la pens\u00e9e, de la communication et de la compr\u00e9hension. Pour approfondir la pratique de la combinaison des phrases, consultez la section d\u00e9di\u00e9e dans <a href=\"https:\/\/onlit.org\/fr\/b3-les-apprentissages-linguistiques\/introduction\/\" data-type=\"link\" data-id=\"https:\/\/onlit.org\/fr\/b3-les-apprentissages-linguistiques\/introduction\/\" target=\"_blank\" rel=\"noreferrer noopener\">B3 Les apprentissages linguistiquesd\u00e9<\/a>  d\u2019ONlit, le guide publi\u00e9 par l\u2019<a href=\"https:\/\/www.edresearch.edu.au\/guides-resources\/practice-guides\/sentence-combining\" data-type=\"link\" data-id=\"https:\/\/www.edresearch.edu.au\/guides-resources\/practice-guides\/sentence-combining\" target=\"_blank\" rel=\"noreferrer noopener\">Australian Education Research Organisation<\/a>, ainsi que l\u2019ouvrage de Dr Bruce Saddler, <em>Teacher\u2019s Guide to Effective Sentence Writing<\/em>.<\/p>\n\n\n\n<figure class=\"wp-block-embed is-type-video is-provider-youtube wp-block-embed-youtube wp-embed-aspect-16-9 wp-has-aspect-ratio\"><div class=\"wp-block-embed__wrapper\">\n<iframe title=\"La combinaison de phrases\" width=\"720\" height=\"405\" src=\"https:\/\/www.youtube.com\/embed\/uIVe6W_MJJI?feature=oembed\" frameborder=\"0\" allow=\"accelerometer; autoplay; clipboard-write; encrypted-media; gyroscope; picture-in-picture; web-share\" referrerpolicy=\"strict-origin-when-cross-origin\" allowfullscreen><\/iframe>\n<\/div><\/figure>\n","protected":false},"excerpt":{"rendered":"<p>La combinaison des phrases est une approche d\u2019enseignement efficace qui favorise la compr\u00e9hension de la structure syntaxique et des diff\u00e9rents \u00e9l\u00e9ments de l\u2019apprentissage linguistique. Elle soutient \u00e0 la fois la communication \u00e9crite et la compr\u00e9hension en lecture. Plut\u00f4t que de pr\u00e9senter la grammaire comme un ensemble de r\u00e8gles isol\u00e9es, cette m\u00e9thode place l\u2019enseignement de la&#8230;<\/p>\n","protected":false},"author":1,"featured_media":41092,"comment_status":"open","ping_status":"closed","sticky":false,"template":"","format":"standard","meta":{"_acf_changed":false,"_kad_post_transparent":"","_kad_post_title":"","_kad_post_layout":"","_kad_post_sidebar_id":"","_kad_post_content_style":"","_kad_post_vertical_padding":"","_kad_post_feature":"","_kad_post_feature_position":"","_kad_post_header":false,"_kad_post_footer":false,"_kad_post_classname":"","footnotes":""},"categories":[],"tags":[],"content-language":[509],"onlit_curriculum_reference":[],"onlit_grade":[],"onlit_resource_format":[],"onlit_topic":[],"class_list":["post-41101","post","type-post","status-publish","format-standard","has-post-thumbnail","hentry","content-language-francais"],"acf":[],"_links":{"self":[{"href":"https:\/\/onlit.org\/fr\/wp-json\/wp\/v2\/posts\/41101","targetHints":{"allow":["GET"]}}],"collection":[{"href":"https:\/\/onlit.org\/fr\/wp-json\/wp\/v2\/posts"}],"about":[{"href":"https:\/\/onlit.org\/fr\/wp-json\/wp\/v2\/types\/post"}],"author":[{"embeddable":true,"href":"https:\/\/onlit.org\/fr\/wp-json\/wp\/v2\/users\/1"}],"replies":[{"embeddable":true,"href":"https:\/\/onlit.org\/fr\/wp-json\/wp\/v2\/comments?post=41101"}],"version-history":[{"count":2,"href":"https:\/\/onlit.org\/fr\/wp-json\/wp\/v2\/posts\/41101\/revisions"}],"predecessor-version":[{"id":41104,"href":"https:\/\/onlit.org\/fr\/wp-json\/wp\/v2\/posts\/41101\/revisions\/41104"}],"wp:featuredmedia":[{"embeddable":true,"href":"https:\/\/onlit.org\/fr\/wp-json\/wp\/v2\/media\/41092"}],"wp:attachment":[{"href":"https:\/\/onlit.org\/fr\/wp-json\/wp\/v2\/media?parent=41101"}],"wp:term":[{"taxonomy":"category","embeddable":true,"href":"https:\/\/onlit.org\/fr\/wp-json\/wp\/v2\/categories?post=41101"},{"taxonomy":"post_tag","embeddable":true,"href":"https:\/\/onlit.org\/fr\/wp-json\/wp\/v2\/tags?post=41101"},{"taxonomy":"content-language","embeddable":true,"href":"https:\/\/onlit.org\/fr\/wp-json\/wp\/v2\/content-language?post=41101"},{"taxonomy":"onlit_curriculum_reference","embeddable":true,"href":"https:\/\/onlit.org\/fr\/wp-json\/wp\/v2\/onlit_curriculum_reference?post=41101"},{"taxonomy":"onlit_grade","embeddable":true,"href":"https:\/\/onlit.org\/fr\/wp-json\/wp\/v2\/onlit_grade?post=41101"},{"taxonomy":"onlit_resource_format","embeddable":true,"href":"https:\/\/onlit.org\/fr\/wp-json\/wp\/v2\/onlit_resource_format?post=41101"},{"taxonomy":"onlit_topic","embeddable":true,"href":"https:\/\/onlit.org\/fr\/wp-json\/wp\/v2\/onlit_topic?post=41101"}],"curies":[{"name":"wp","href":"https:\/\/api.w.org\/{rel}","templated":true}]}}