{"id":44266,"global_id":"onlit.org\/fr\/?id=44266","global_id_lineage":["onlit.org\/fr\/?id=44266"],"author":"32","status":"publish","date":"2026-08-30 08:32:47","date_utc":"2026-08-30 12:32:47","modified":"2026-08-30 08:32:47","modified_utc":"2026-08-30 12:32:47","url":"https:\/\/onlit.org\/fr\/event\/sessions-portes-ouvertes-en-maternelle-jardin-seance-6\/","rest_url":"https:\/\/onlit.org\/fr\/wp-json\/tribe\/events\/v1\/events\/44266","title":"Sessions \u00ab Portes ouvertes \u00bb en maternelle-jardin &#8211; S\u00e9ance 6","description":"<p>D\u00e9tails \u00e0 venir !<\/p>","excerpt":"","slug":"sessions-portes-ouvertes-en-maternelle-jardin-seance-6","image":{"url":"https:\/\/onlit.org\/wp-content\/uploads\/2026\/08\/Y4-FR-Portes-ouvertes-en-maternelle-jardin.png","id":44231,"extension":"png","width":1640,"height":924,"filesize":156348,"sizes":{"medium":{"width":300,"height":169,"mime-type":"image\/png","filesize":25739,"url":"https:\/\/onlit.org\/wp-content\/uploads\/2026\/08\/Y4-FR-Portes-ouvertes-en-maternelle-jardin-300x169.png"},"large":{"width":1024,"height":577,"mime-type":"image\/png","filesize":111752,"url":"https:\/\/onlit.org\/wp-content\/uploads\/2026\/08\/Y4-FR-Portes-ouvertes-en-maternelle-jardin-1024x577.png"},"thumbnail":{"width":150,"height":150,"mime-type":"image\/png","filesize":14373,"url":"https:\/\/onlit.org\/wp-content\/uploads\/2026\/08\/Y4-FR-Portes-ouvertes-en-maternelle-jardin-150x150.png"},"medium_large":{"width":768,"height":433,"mime-type":"image\/png","filesize":79975,"url":"https:\/\/onlit.org\/wp-content\/uploads\/2026\/08\/Y4-FR-Portes-ouvertes-en-maternelle-jardin-768x433.png"},"1536x1536":{"width":1536,"height":865,"mime-type":"image\/png","filesize":181327,"url":"https:\/\/onlit.org\/wp-content\/uploads\/2026\/08\/Y4-FR-Portes-ouvertes-en-maternelle-jardin-1536x865.png"}}},"all_day":false,"start_date":"2027-04-13 19:00:00","start_date_details":{"year":"2027","month":"04","day":"13","hour":"19","minutes":"00","seconds":"00"},"end_date":"2027-04-13 20:00:00","end_date_details":{"year":"2027","month":"04","day":"13","hour":"20","minutes":"00","seconds":"00"},"utc_start_date":"2027-04-13 23:00:00","utc_start_date_details":{"year":"2027","month":"04","day":"13","hour":"23","minutes":"00","seconds":"00"},"utc_end_date":"2027-04-14 00:00:00","utc_end_date_details":{"year":"2027","month":"04","day":"14","hour":"00","minutes":"00","seconds":"00"},"timezone":"America\/Toronto","timezone_abbr":"EDT","cost":"","cost_details":{"currency_symbol":"$","currency_code":"USD","currency_position":"prefix","values":[]},"website":"","show_map":false,"show_map_link":true,"hide_from_listings":false,"sticky":false,"featured":false,"categories":[{"name":"Sessions \u00ab Portes ouvertes \u00bb en maternelle-jardin","slug":"sessions-portes-ouvertes-en-maternelle-jardin","term_group":0,"term_taxonomy_id":540,"taxonomy":"tribe_events_cat","description":"","parent":0,"count":4,"filter":"raw","term_order":"0","id":540,"urls":{"self":"https:\/\/onlit.org\/fr\/wp-json\/tribe\/events\/v1\/categories\/540","collection":"https:\/\/onlit.org\/fr\/wp-json\/tribe\/events\/v1\/categories"}}],"tags":[],"venue":{"id":12398,"author":"28","status":"publish","date":"2023-08-13 20:52:35","date_utc":"2023-08-14 00:52:35","modified":"2023-08-13 20:52:35","modified_utc":"2023-08-14 00:52:35","url":"https:\/\/onlit.org\/lieu\/zoom\/","venue":"Zoom","slug":"zoom","json_ld":{"@type":"Place","name":"Zoom","description":"","url":"https:\/\/onlit.org\/lieu\/zoom\/","address":{"@type":"PostalAddress"},"telephone":"","sameAs":""},"show_map":true,"show_map_link":true,"global_id":"onlit.org\/fr\/?id=12398","global_id_lineage":["onlit.org\/fr\/?id=12398"]},"organizer":[],"custom_fields":[],"json_ld":{"@context":"http:\/\/schema.org","@type":"Event","name":"Sessions \u00ab Portes ouvertes \u00bb en maternelle-jardin &#8211; S\u00e9ance 6","description":"&lt;p&gt;D\u00e9tails \u00e0 venir !&lt;\/p&gt;\\n","image":"https:\/\/onlit.org\/wp-content\/uploads\/2026\/08\/Y4-FR-Portes-ouvertes-en-maternelle-jardin.png","url":"https:\/\/onlit.org\/fr\/event\/sessions-portes-ouvertes-en-maternelle-jardin-seance-6\/","eventAttendanceMode":"https:\/\/schema.org\/OfflineEventAttendanceMode","eventStatus":"https:\/\/schema.org\/EventScheduled","startDate":"2027-04-13T19:00:00-04:00","endDate":"2027-04-13T20:00:00-04:00","location":{"@type":"Place","name":"Zoom","description":"","url":"https:\/\/onlit.org\/lieu\/zoom\/","address":{"@type":"PostalAddress"},"telephone":"","sameAs":""},"performer":"Organization"},"is_virtual":false,"virtual_url":null,"virtual_video_source":""}