{"id":44260,"global_id":"onlit.org\/fr\/?id=44260","global_id_lineage":["onlit.org\/fr\/?id=44260"],"author":"32","status":"publish","date":"2026-08-30 08:26:22","date_utc":"2026-08-30 12:26:22","modified":"2026-08-30 08:26:22","modified_utc":"2026-08-30 12:26:22","url":"https:\/\/onlit.org\/fr\/event\/sessions-portes-ouvertes-en-maternelle-jardin-seance-3\/","rest_url":"https:\/\/onlit.org\/fr\/wp-json\/tribe\/events\/v1\/events\/44260","title":"Sessions \u00ab Portes ouvertes \u00bb en maternelle-jardin &#8211; S\u00e9ance 3","description":"<p>D\u00e9tails \u00e0 venir !<\/p>","excerpt":"","slug":"sessions-portes-ouvertes-en-maternelle-jardin-seance-3","image":{"url":"https:\/\/onlit.org\/wp-content\/uploads\/2026\/08\/Y4-FR-Portes-ouvertes-en-maternelle-jardin.png","id":44231,"extension":"png","width":1640,"height":924,"filesize":156348,"sizes":{"medium":{"width":300,"height":169,"mime-type":"image\/png","filesize":25739,"url":"https:\/\/onlit.org\/wp-content\/uploads\/2026\/08\/Y4-FR-Portes-ouvertes-en-maternelle-jardin-300x169.png"},"large":{"width":1024,"height":577,"mime-type":"image\/png","filesize":111752,"url":"https:\/\/onlit.org\/wp-content\/uploads\/2026\/08\/Y4-FR-Portes-ouvertes-en-maternelle-jardin-1024x577.png"},"thumbnail":{"width":150,"height":150,"mime-type":"image\/png","filesize":14373,"url":"https:\/\/onlit.org\/wp-content\/uploads\/2026\/08\/Y4-FR-Portes-ouvertes-en-maternelle-jardin-150x150.png"},"medium_large":{"width":768,"height":433,"mime-type":"image\/png","filesize":79975,"url":"https:\/\/onlit.org\/wp-content\/uploads\/2026\/08\/Y4-FR-Portes-ouvertes-en-maternelle-jardin-768x433.png"},"1536x1536":{"width":1536,"height":865,"mime-type":"image\/png","filesize":181327,"url":"https:\/\/onlit.org\/wp-content\/uploads\/2026\/08\/Y4-FR-Portes-ouvertes-en-maternelle-jardin-1536x865.png"}}},"all_day":false,"start_date":"2026-12-08 19:00:00","start_date_details":{"year":"2026","month":"12","day":"08","hour":"19","minutes":"00","seconds":"00"},"end_date":"2026-12-08 20:00:00","end_date_details":{"year":"2026","month":"12","day":"08","hour":"20","minutes":"00","seconds":"00"},"utc_start_date":"2026-12-09 00:00:00","utc_start_date_details":{"year":"2026","month":"12","day":"09","hour":"00","minutes":"00","seconds":"00"},"utc_end_date":"2026-12-09 01:00:00","utc_end_date_details":{"year":"2026","month":"12","day":"09","hour":"01","minutes":"00","seconds":"00"},"timezone":"America\/Toronto","timezone_abbr":"EST","cost":"","cost_details":{"currency_symbol":"$","currency_code":"USD","currency_position":"prefix","values":[]},"website":"","show_map":false,"show_map_link":true,"hide_from_listings":false,"sticky":false,"featured":false,"categories":[],"tags":[],"venue":{"id":12398,"author":"28","status":"publish","date":"2023-08-13 20:52:35","date_utc":"2023-08-14 00:52:35","modified":"2023-08-13 20:52:35","modified_utc":"2023-08-14 00:52:35","url":"https:\/\/onlit.org\/lieu\/zoom\/","venue":"Zoom","slug":"zoom","json_ld":{"@type":"Place","name":"Zoom","description":"","url":"https:\/\/onlit.org\/lieu\/zoom\/","address":{"@type":"PostalAddress"},"telephone":"","sameAs":""},"show_map":true,"show_map_link":true,"global_id":"onlit.org\/fr\/?id=12398","global_id_lineage":["onlit.org\/fr\/?id=12398"]},"organizer":[],"custom_fields":[],"json_ld":{"@context":"http:\/\/schema.org","@type":"Event","name":"Sessions \u00ab Portes ouvertes \u00bb en maternelle-jardin &#8211; S\u00e9ance 3","description":"&lt;p&gt;D\u00e9tails \u00e0 venir !&lt;\/p&gt;\\n","image":"https:\/\/onlit.org\/wp-content\/uploads\/2026\/08\/Y4-FR-Portes-ouvertes-en-maternelle-jardin.png","url":"https:\/\/onlit.org\/fr\/event\/sessions-portes-ouvertes-en-maternelle-jardin-seance-3\/","eventAttendanceMode":"https:\/\/schema.org\/OfflineEventAttendanceMode","eventStatus":"https:\/\/schema.org\/EventScheduled","startDate":"2026-12-08T19:00:00-05:00","endDate":"2026-12-08T20:00:00-05:00","location":{"@type":"Place","name":"Zoom","description":"","url":"https:\/\/onlit.org\/lieu\/zoom\/","address":{"@type":"PostalAddress"},"telephone":"","sameAs":""},"performer":"Organization"},"is_virtual":false,"virtual_url":null,"virtual_video_source":""}